{"id":1698,"date":"2022-03-12T13:23:00","date_gmt":"2022-03-12T12:23:00","guid":{"rendered":"https:\/\/konsultative.org\/?p=1698"},"modified":"2022-03-21T00:34:19","modified_gmt":"2022-03-20T23:34:19","slug":"heute-samstag-12-03-terror-alarm-in-oesterreich-jetzt-die-konsultative-verstehen-das-radio-interview","status":"publish","type":"post","link":"https:\/\/konsultative.org\/?p=1698","title":{"rendered":"HEUTE Samstag 12.03. TERROR-ALARM IN \u00d6STERREICH! JETZT die Konsultative verstehen. Das Radio Interview 18:00"},"content":{"rendered":"<p><b><a class=\"moz-txt-link-abbreviated\" href=\"http:\/\/www.agora.at\/news\/detail\/die-konsultative-im-ohrensessel\">www.agora.at\/news\/detail\/die-konsultative-im-ohrensessel<\/a><\/b><\/p>\n<p>HOCH DIE H\u00c4NDE &#8211; WOCHEN ENDE!<\/p>\n<p>AUCH f\u00fcr das Konsultative Team?<\/p>\n<p>N\u00f6. Geht grad erst SO RICHTIG LOS!<\/p>\n<p>Unterhaltsam getextet, damit DUUU MIT-LIEST!<\/p>\n<p>Weiter im Takt &#8211; und gern weiterleiten:<\/p>\n<p>HEUTE SAMSTAG 18:30 auf Radio Agora\/ K\u00e4rnten.<\/p>\n<p>Hier aus einem Schreiben an einen lieben Verwandten:<\/p>\n<p>&#8222;WAHNSINN.<\/p>\n<p>Anstatt Dir das als potentiell Intellektueller anzusehen, gehst Du mich an?<\/p>\n<p>Seid ihr denn schon alle komplett durch?<\/p>\n<p>MEHR als urlaubsreif???<\/p>\n<p>VINZENZ!!!<\/p>\n<p>WIE wird das erst sein, wenn hier der Wald brennt und die Enteausf\u00e4lle durch Trockenheit und Stromausf\u00e4lle WEIL \u00dcBER MONATE KEIN NIEDERSCHLAG!!<\/p>\n<p>MIR kommt vor, je n\u00e4her die klimatischen Kipppunkte KOMMEN, je SICHTBARER die Klimaprognosen werden, desto INTENSIVER verkriechen sich alle in irgendwas.<\/p>\n<p>LAUT WISSENSCHAFT IST NOCH ZEIT!<\/p>\n<p>WOF\u00dcR ist man damals geadelt worden?<\/p>\n<p>F\u00fcrs Verstecken?<\/p>\n<p>W\u00fcrde man die Berechtigung auf die ererbten Adelstitel HEUTE pr\u00fcfen &#8211; WER setzt sich davon noch f\u00fcr die ZIVILGESELLSCHAFT ein?<\/p>\n<p>Wer ber\u00e4t und beeiflusst damit noch Politik?<\/p>\n<p>WEN k\u00fcmmern noch Sicherheit und Zukunft \u00d6sterreichs?<br \/>\nDER EU?<\/p>\n<p>ICH HABE DIR DIESE INFOS GESCHICKT &#8211; DIE IHR SEIT 2 JAHREN AKTIV IGNORIERT!<\/p>\n<p>UND DAMIT BEHINDERT!<\/p>\n<p>Ludwig Adamovich hat mir erkl\u00e4rt, da\u00df ICH das STEMMEN MUSS.<\/p>\n<p>Er darf weil er den BP NUR AUFANFRAGE beraten darf &#8211; und nur ihn, nichts derart aktiv machen.<\/p>\n<p>ONKEL LUDWIG DACHTE, DIE AUERSPERG ZUMINDEST, DIE SIND DOCH EINIGE UND EINFLUSSREICH!<\/p>\n<p>Leider totale Fehlanzeige.<\/p>\n<p>Auch die sind bereits mit sich selbst komplett \u00fcberfordert.<\/p>\n<p>Und nichtmal im Stande einem 47 J\u00e4hrigen Verwandten zu vertrauen.<\/p>\n<p>\u00d61 hat berichtet.<\/p>\n<p>IHRE habt auch das verpennt. Alles auf der HP.<\/p>\n<p>HEUTE ein Radio Interview auf Radio Agora &#8211; DAS k\u00f6nntet ihr zB weiterleiten.<\/p>\n<p>HA &#8211; oder alle gemeinsam anh\u00f6ren!!!!!!!<\/p>\n<p>Und dann sofort anrufen und Euren Ruf rettttten:<\/p>\n<p><b><a class=\"moz-txt-link-abbreviated\" href=\"http:\/\/www.agora.at\/news\/detail\/die-konsultative-im-ohrensessel\">www.agora.at\/news\/detail\/die-konsultative-im-ohrensessel<\/a><\/b><\/p>\n","protected":false},"excerpt":{"rendered":"<p>www.agora.at\/news\/detail\/die-konsultative-im-ohrensessel HOCH DIE H\u00c4NDE &#8211; WOCHEN ENDE! AUCH f\u00fcr das Konsultative Team? N\u00f6. Geht grad erst SO RICHTIG LOS! Unterhaltsam getextet, damit DUUU MIT-LIEST! Weiter im Takt &#8211; und gern weiterleiten: HEUTE SAMSTAG 18:30 auf [&hellip;]<\/p>\n","protected":false},"author":3,"featured_media":1429,"comment_status":"open","ping_status":"closed","sticky":false,"template":"","format":"standard","meta":{"_jetpack_memberships_contains_paid_content":false,"footnotes":""},"categories":[1],"tags":[],"class_list":["post-1698","post","type-post","status-publish","format-standard","has-post-thumbnail","hentry","category-uncategorized"],"jetpack_featured_media_url":"https:\/\/i0.wp.com\/konsultative.org\/wp-content\/uploads\/2020\/01\/cropped-konsultative_quadrat900.png?fit=512%2C512&ssl=1","jetpack_sharing_enabled":true,"_links":{"self":[{"href":"https:\/\/konsultative.org\/index.php?rest_route=\/wp\/v2\/posts\/1698","targetHints":{"allow":["GET"]}}],"collection":[{"href":"https:\/\/konsultative.org\/index.php?rest_route=\/wp\/v2\/posts"}],"about":[{"href":"https:\/\/konsultative.org\/index.php?rest_route=\/wp\/v2\/types\/post"}],"author":[{"embeddable":true,"href":"https:\/\/konsultative.org\/index.php?rest_route=\/wp\/v2\/users\/3"}],"replies":[{"embeddable":true,"href":"https:\/\/konsultative.org\/index.php?rest_route=%2Fwp%2Fv2%2Fcomments&post=1698"}],"version-history":[{"count":7,"href":"https:\/\/konsultative.org\/index.php?rest_route=\/wp\/v2\/posts\/1698\/revisions"}],"predecessor-version":[{"id":1711,"href":"https:\/\/konsultative.org\/index.php?rest_route=\/wp\/v2\/posts\/1698\/revisions\/1711"}],"wp:featuredmedia":[{"embeddable":true,"href":"https:\/\/konsultative.org\/index.php?rest_route=\/wp\/v2\/media\/1429"}],"wp:attachment":[{"href":"https:\/\/konsultative.org\/index.php?rest_route=%2Fwp%2Fv2%2Fmedia&parent=1698"}],"wp:term":[{"taxonomy":"category","embeddable":true,"href":"https:\/\/konsultative.org\/index.php?rest_route=%2Fwp%2Fv2%2Fcategories&post=1698"},{"taxonomy":"post_tag","embeddable":true,"href":"https:\/\/konsultative.org\/index.php?rest_route=%2Fwp%2Fv2%2Ftags&post=1698"}],"curies":[{"name":"wp","href":"https:\/\/api.w.org\/{rel}","templated":true}]}}